{"id":10197,"date":"2025-01-14T17:04:03","date_gmt":"2025-01-14T16:04:03","guid":{"rendered":"https:\/\/utpr.es\/participem-a-la-propera-edicio-de-iberzoopropet\/"},"modified":"2025-01-14T17:10:49","modified_gmt":"2025-01-14T16:10:49","slug":"participem-a-la-propera-edicio-de-iberzoopropet","status":"publish","type":"post","link":"https:\/\/utpr.es\/ca\/blog\/participem-a-la-propera-edicio-de-iberzoopropet\/","title":{"rendered":"Participem a la propera edici\u00f3 de IBERZOO+PROPET"},"content":{"rendered":"<p>UTPR\u00ae TECNODOSIS es complau a anunciar la seva participaci\u00f3 en la pr\u00f2xima edici\u00f3 de IBERZOO+PROPET, la fira internacional de refer\u00e8ncia per a professionals del sector de l&#8217;animal de companyia, que es celebrar\u00e0 del 26 al 28 de febrer de 2025 a IFEMA Madrid.<\/p>\n<p>En aquesta vuitena edici\u00f3, IBERZOO+PROPET preveu una participaci\u00f3 r\u00e8cord, amb m\u00e9s de 230 empreses confirmades i un increment del 12% respecte a l&#8217;any anterior. Destaca la creixent pres\u00e8ncia internacional, amb m\u00e9s de 50 empreses estrangeres de 14 pa\u00efsos, la qual cosa representa un augment del 44% en comparaci\u00f3 amb 2024.<\/p>\n<p>Com a empresa l\u00edder en solucions integrals per al compliment normatiu en protecci\u00f3 radiol\u00f2gica i salut ambiental, UTPR\u00ae TECNODOSIS presentar\u00e0 els seus serveis especialitzats dirigits a cl\u00edniques veterin\u00e0ries. El nostre objectiu \u00e9s oferir solucions 360\u00e8 que garanteixin la seguretat i el compliment de la normativa vigent en l&#8217;\u00fas d&#8217;equips de radiodiagn\u00f2stic i protecci\u00f3 radiol\u00f2gica.<\/p>\n<p>Convidem a tots els professionals del sector a visitar el nostre estand, on podran<br \/>\ncon\u00e8ixer de primera m\u00e0 les nostres propostes i rebre assessorament personalitzat per<br \/>\na optimitzar la seguretat i qualitat en les seves instal\u00b7lacions. La nostra participaci\u00f3 en IBERZOO+PROPET 2025 reflecteix el nostre comprom\u00eds amb la innovaci\u00f3 i<br \/>\nl&#8217;excel\u00b7l\u00e8ncia en l&#8217;\u00e0mbit de la protecci\u00f3 radiol\u00f2gica i la salut ambiental, contribuint al desenvolupament i professionalitzaci\u00f3 del sector de l&#8217;animal de companyia.<\/p>\n<p>Els esperem a IBERZOO+PROPET 2025!<\/p>\n<p>Informaci\u00f3 d&#8217;inter\u00e9s:<\/p>\n<p><strong>IBERZOO+PROPET 2025<\/strong><br \/>\n<strong>STAND:<\/strong> 10B07<br \/>\n<strong>PABELL\u00d3:<\/strong> Pabell\u00f3 10<br \/>\n<strong>Data:<\/strong> del 26 al 28 de febrer de 2025<br \/>\n<strong>UBICACI\u00d3:<\/strong><br \/>\nIFEMA MADRID<br \/>\nAv. del Parten\u00f3n, 5, Barajas, 28042 Madrid<br \/>\n<a href=\"https:\/\/www.ifema.es\" target=\"_blank\" rel=\"noopener\">www.ifema.es<\/a><\/p>\n","protected":false},"excerpt":{"rendered":"<p>UTPR\u00ae TECNODOSIS es complau a anunciar la seva participaci\u00f3 en la pr\u00f2xima edici\u00f3 de IBERZOO+PROPET, la fira internacional de refer\u00e8ncia per a professionals del sector de l&#8217;animal de companyia, que [&hellip;]<\/p>\n","protected":false},"author":1,"featured_media":10188,"comment_status":"closed","ping_status":"closed","sticky":false,"template":"","format":"standard","meta":{"_et_pb_use_builder":"","_et_pb_old_content":"","_et_gb_content_width":"","inline_featured_image":false,"footnotes":""},"categories":[56],"tags":[],"class_list":["post-10197","post","type-post","status-publish","format-standard","has-post-thumbnail","hentry","category-blog-ca"],"yoast_head":"<!-- This site is optimized with the Yoast SEO plugin v27.3 - https:\/\/yoast.com\/product\/yoast-seo-wordpress\/ -->\n<title>Participem a la propera edici\u00f3 de IBERZOO+PROPET - UTPR<\/title>\n<meta name=\"robots\" content=\"index, follow, max-snippet:-1, max-image-preview:large, max-video-preview:-1\" \/>\n<link rel=\"canonical\" href=\"https:\/\/utpr.es\/ca\/blog\/participem-a-la-propera-edicio-de-iberzoopropet\/\" \/>\n<meta property=\"og:locale\" content=\"ca_ES\" \/>\n<meta property=\"og:type\" content=\"article\" \/>\n<meta property=\"og:title\" content=\"Participem a la propera edici\u00f3 de IBERZOO+PROPET - UTPR\" \/>\n<meta property=\"og:description\" content=\"UTPR\u00ae TECNODOSIS es complau a anunciar la seva participaci\u00f3 en la pr\u00f2xima edici\u00f3 de IBERZOO+PROPET, la fira internacional de refer\u00e8ncia per a professionals del sector de l&#8217;animal de companyia, que [&hellip;]\" \/>\n<meta property=\"og:url\" content=\"https:\/\/utpr.es\/ca\/blog\/participem-a-la-propera-edicio-de-iberzoopropet\/\" \/>\n<meta property=\"og:site_name\" content=\"UTPR\" \/>\n<meta property=\"article:published_time\" content=\"2025-01-14T16:04:03+00:00\" \/>\n<meta property=\"article:modified_time\" content=\"2025-01-14T16:10:49+00:00\" \/>\n<meta property=\"og:image\" content=\"https:\/\/utpr.es\/wp-content\/uploads\/2025\/01\/acuerdo-aces-cat-2.png\" \/>\n\t<meta property=\"og:image:width\" content=\"700\" \/>\n\t<meta property=\"og:image:height\" content=\"500\" \/>\n\t<meta property=\"og:image:type\" content=\"image\/png\" \/>\n<meta name=\"author\" content=\"sergi\" \/>\n<meta name=\"twitter:card\" content=\"summary_large_image\" \/>\n<meta name=\"twitter:label1\" content=\"Escrit per\" \/>\n\t<meta name=\"twitter:data1\" content=\"sergi\" \/>\n\t<meta name=\"twitter:label2\" content=\"Temps estimat de lectura\" \/>\n\t<meta name=\"twitter:data2\" content=\"2 minuts\" \/>\n<script type=\"application\/ld+json\" class=\"yoast-schema-graph\">{\"@context\":\"https:\\\/\\\/schema.org\",\"@graph\":[{\"@type\":\"Article\",\"@id\":\"https:\\\/\\\/utpr.es\\\/ca\\\/blog\\\/participem-a-la-propera-edicio-de-iberzoopropet\\\/#article\",\"isPartOf\":{\"@id\":\"https:\\\/\\\/utpr.es\\\/ca\\\/blog\\\/participem-a-la-propera-edicio-de-iberzoopropet\\\/\"},\"author\":{\"name\":\"sergi\",\"@id\":\"https:\\\/\\\/utpr.es\\\/ca\\\/#\\\/schema\\\/person\\\/907ff65b7ecadaae90ba84866d26e1d6\"},\"headline\":\"Participem a la propera edici\u00f3 de IBERZOO+PROPET\",\"datePublished\":\"2025-01-14T16:04:03+00:00\",\"dateModified\":\"2025-01-14T16:10:49+00:00\",\"mainEntityOfPage\":{\"@id\":\"https:\\\/\\\/utpr.es\\\/ca\\\/blog\\\/participem-a-la-propera-edicio-de-iberzoopropet\\\/\"},\"wordCount\":278,\"image\":{\"@id\":\"https:\\\/\\\/utpr.es\\\/ca\\\/blog\\\/participem-a-la-propera-edicio-de-iberzoopropet\\\/#primaryimage\"},\"thumbnailUrl\":\"https:\\\/\\\/utpr.es\\\/wp-content\\\/uploads\\\/2025\\\/01\\\/acuerdo-aces-cat-2.png\",\"articleSection\":[\"Blog\"],\"inLanguage\":\"ca\"},{\"@type\":\"WebPage\",\"@id\":\"https:\\\/\\\/utpr.es\\\/ca\\\/blog\\\/participem-a-la-propera-edicio-de-iberzoopropet\\\/\",\"url\":\"https:\\\/\\\/utpr.es\\\/ca\\\/blog\\\/participem-a-la-propera-edicio-de-iberzoopropet\\\/\",\"name\":\"Participem a la propera edici\u00f3 de IBERZOO+PROPET - UTPR\",\"isPartOf\":{\"@id\":\"https:\\\/\\\/utpr.es\\\/ca\\\/#website\"},\"primaryImageOfPage\":{\"@id\":\"https:\\\/\\\/utpr.es\\\/ca\\\/blog\\\/participem-a-la-propera-edicio-de-iberzoopropet\\\/#primaryimage\"},\"image\":{\"@id\":\"https:\\\/\\\/utpr.es\\\/ca\\\/blog\\\/participem-a-la-propera-edicio-de-iberzoopropet\\\/#primaryimage\"},\"thumbnailUrl\":\"https:\\\/\\\/utpr.es\\\/wp-content\\\/uploads\\\/2025\\\/01\\\/acuerdo-aces-cat-2.png\",\"datePublished\":\"2025-01-14T16:04:03+00:00\",\"dateModified\":\"2025-01-14T16:10:49+00:00\",\"author\":{\"@id\":\"https:\\\/\\\/utpr.es\\\/ca\\\/#\\\/schema\\\/person\\\/907ff65b7ecadaae90ba84866d26e1d6\"},\"breadcrumb\":{\"@id\":\"https:\\\/\\\/utpr.es\\\/ca\\\/blog\\\/participem-a-la-propera-edicio-de-iberzoopropet\\\/#breadcrumb\"},\"inLanguage\":\"ca\",\"potentialAction\":[{\"@type\":\"ReadAction\",\"target\":[\"https:\\\/\\\/utpr.es\\\/ca\\\/blog\\\/participem-a-la-propera-edicio-de-iberzoopropet\\\/\"]}]},{\"@type\":\"ImageObject\",\"inLanguage\":\"ca\",\"@id\":\"https:\\\/\\\/utpr.es\\\/ca\\\/blog\\\/participem-a-la-propera-edicio-de-iberzoopropet\\\/#primaryimage\",\"url\":\"https:\\\/\\\/utpr.es\\\/wp-content\\\/uploads\\\/2025\\\/01\\\/acuerdo-aces-cat-2.png\",\"contentUrl\":\"https:\\\/\\\/utpr.es\\\/wp-content\\\/uploads\\\/2025\\\/01\\\/acuerdo-aces-cat-2.png\",\"width\":700,\"height\":500,\"caption\":\"IberZoo\"},{\"@type\":\"BreadcrumbList\",\"@id\":\"https:\\\/\\\/utpr.es\\\/ca\\\/blog\\\/participem-a-la-propera-edicio-de-iberzoopropet\\\/#breadcrumb\",\"itemListElement\":[{\"@type\":\"ListItem\",\"position\":1,\"name\":\"Portada\",\"item\":\"https:\\\/\\\/utpr.es\\\/ca\\\/\"},{\"@type\":\"ListItem\",\"position\":2,\"name\":\"Participem a la propera edici\u00f3 de IBERZOO+PROPET\"}]},{\"@type\":\"WebSite\",\"@id\":\"https:\\\/\\\/utpr.es\\\/ca\\\/#website\",\"url\":\"https:\\\/\\\/utpr.es\\\/ca\\\/\",\"name\":\"UTPR\",\"description\":\"Unidad T&eacute;cnica de protecci&oacute;n radiol&oacute;gica\",\"potentialAction\":[{\"@type\":\"SearchAction\",\"target\":{\"@type\":\"EntryPoint\",\"urlTemplate\":\"https:\\\/\\\/utpr.es\\\/ca\\\/?s={search_term_string}\"},\"query-input\":{\"@type\":\"PropertyValueSpecification\",\"valueRequired\":true,\"valueName\":\"search_term_string\"}}],\"inLanguage\":\"ca\"},{\"@type\":\"Person\",\"@id\":\"https:\\\/\\\/utpr.es\\\/ca\\\/#\\\/schema\\\/person\\\/907ff65b7ecadaae90ba84866d26e1d6\",\"name\":\"sergi\",\"image\":{\"@type\":\"ImageObject\",\"inLanguage\":\"ca\",\"@id\":\"https:\\\/\\\/secure.gravatar.com\\\/avatar\\\/fb1f7621d93c18e0c621f57e12768d8935a3db713fccf89e0b382b5968946f6d?s=96&d=mm&r=g\",\"url\":\"https:\\\/\\\/secure.gravatar.com\\\/avatar\\\/fb1f7621d93c18e0c621f57e12768d8935a3db713fccf89e0b382b5968946f6d?s=96&d=mm&r=g\",\"contentUrl\":\"https:\\\/\\\/secure.gravatar.com\\\/avatar\\\/fb1f7621d93c18e0c621f57e12768d8935a3db713fccf89e0b382b5968946f6d?s=96&d=mm&r=g\",\"caption\":\"sergi\"},\"sameAs\":[\"https:\\\/\\\/utpr.es\\\/\"]}]}<\/script>\n<!-- \/ Yoast SEO plugin. -->","yoast_head_json":{"title":"Participem a la propera edici\u00f3 de IBERZOO+PROPET - UTPR","robots":{"index":"index","follow":"follow","max-snippet":"max-snippet:-1","max-image-preview":"max-image-preview:large","max-video-preview":"max-video-preview:-1"},"canonical":"https:\/\/utpr.es\/ca\/blog\/participem-a-la-propera-edicio-de-iberzoopropet\/","og_locale":"ca_ES","og_type":"article","og_title":"Participem a la propera edici\u00f3 de IBERZOO+PROPET - UTPR","og_description":"UTPR\u00ae TECNODOSIS es complau a anunciar la seva participaci\u00f3 en la pr\u00f2xima edici\u00f3 de IBERZOO+PROPET, la fira internacional de refer\u00e8ncia per a professionals del sector de l&#8217;animal de companyia, que [&hellip;]","og_url":"https:\/\/utpr.es\/ca\/blog\/participem-a-la-propera-edicio-de-iberzoopropet\/","og_site_name":"UTPR","article_published_time":"2025-01-14T16:04:03+00:00","article_modified_time":"2025-01-14T16:10:49+00:00","og_image":[{"width":700,"height":500,"url":"https:\/\/utpr.es\/wp-content\/uploads\/2025\/01\/acuerdo-aces-cat-2.png","type":"image\/png"}],"author":"sergi","twitter_card":"summary_large_image","twitter_misc":{"Escrit per":"sergi","Temps estimat de lectura":"2 minuts"},"schema":{"@context":"https:\/\/schema.org","@graph":[{"@type":"Article","@id":"https:\/\/utpr.es\/ca\/blog\/participem-a-la-propera-edicio-de-iberzoopropet\/#article","isPartOf":{"@id":"https:\/\/utpr.es\/ca\/blog\/participem-a-la-propera-edicio-de-iberzoopropet\/"},"author":{"name":"sergi","@id":"https:\/\/utpr.es\/ca\/#\/schema\/person\/907ff65b7ecadaae90ba84866d26e1d6"},"headline":"Participem a la propera edici\u00f3 de IBERZOO+PROPET","datePublished":"2025-01-14T16:04:03+00:00","dateModified":"2025-01-14T16:10:49+00:00","mainEntityOfPage":{"@id":"https:\/\/utpr.es\/ca\/blog\/participem-a-la-propera-edicio-de-iberzoopropet\/"},"wordCount":278,"image":{"@id":"https:\/\/utpr.es\/ca\/blog\/participem-a-la-propera-edicio-de-iberzoopropet\/#primaryimage"},"thumbnailUrl":"https:\/\/utpr.es\/wp-content\/uploads\/2025\/01\/acuerdo-aces-cat-2.png","articleSection":["Blog"],"inLanguage":"ca"},{"@type":"WebPage","@id":"https:\/\/utpr.es\/ca\/blog\/participem-a-la-propera-edicio-de-iberzoopropet\/","url":"https:\/\/utpr.es\/ca\/blog\/participem-a-la-propera-edicio-de-iberzoopropet\/","name":"Participem a la propera edici\u00f3 de IBERZOO+PROPET - UTPR","isPartOf":{"@id":"https:\/\/utpr.es\/ca\/#website"},"primaryImageOfPage":{"@id":"https:\/\/utpr.es\/ca\/blog\/participem-a-la-propera-edicio-de-iberzoopropet\/#primaryimage"},"image":{"@id":"https:\/\/utpr.es\/ca\/blog\/participem-a-la-propera-edicio-de-iberzoopropet\/#primaryimage"},"thumbnailUrl":"https:\/\/utpr.es\/wp-content\/uploads\/2025\/01\/acuerdo-aces-cat-2.png","datePublished":"2025-01-14T16:04:03+00:00","dateModified":"2025-01-14T16:10:49+00:00","author":{"@id":"https:\/\/utpr.es\/ca\/#\/schema\/person\/907ff65b7ecadaae90ba84866d26e1d6"},"breadcrumb":{"@id":"https:\/\/utpr.es\/ca\/blog\/participem-a-la-propera-edicio-de-iberzoopropet\/#breadcrumb"},"inLanguage":"ca","potentialAction":[{"@type":"ReadAction","target":["https:\/\/utpr.es\/ca\/blog\/participem-a-la-propera-edicio-de-iberzoopropet\/"]}]},{"@type":"ImageObject","inLanguage":"ca","@id":"https:\/\/utpr.es\/ca\/blog\/participem-a-la-propera-edicio-de-iberzoopropet\/#primaryimage","url":"https:\/\/utpr.es\/wp-content\/uploads\/2025\/01\/acuerdo-aces-cat-2.png","contentUrl":"https:\/\/utpr.es\/wp-content\/uploads\/2025\/01\/acuerdo-aces-cat-2.png","width":700,"height":500,"caption":"IberZoo"},{"@type":"BreadcrumbList","@id":"https:\/\/utpr.es\/ca\/blog\/participem-a-la-propera-edicio-de-iberzoopropet\/#breadcrumb","itemListElement":[{"@type":"ListItem","position":1,"name":"Portada","item":"https:\/\/utpr.es\/ca\/"},{"@type":"ListItem","position":2,"name":"Participem a la propera edici\u00f3 de IBERZOO+PROPET"}]},{"@type":"WebSite","@id":"https:\/\/utpr.es\/ca\/#website","url":"https:\/\/utpr.es\/ca\/","name":"UTPR","description":"Unidad T&eacute;cnica de protecci&oacute;n radiol&oacute;gica","potentialAction":[{"@type":"SearchAction","target":{"@type":"EntryPoint","urlTemplate":"https:\/\/utpr.es\/ca\/?s={search_term_string}"},"query-input":{"@type":"PropertyValueSpecification","valueRequired":true,"valueName":"search_term_string"}}],"inLanguage":"ca"},{"@type":"Person","@id":"https:\/\/utpr.es\/ca\/#\/schema\/person\/907ff65b7ecadaae90ba84866d26e1d6","name":"sergi","image":{"@type":"ImageObject","inLanguage":"ca","@id":"https:\/\/secure.gravatar.com\/avatar\/fb1f7621d93c18e0c621f57e12768d8935a3db713fccf89e0b382b5968946f6d?s=96&d=mm&r=g","url":"https:\/\/secure.gravatar.com\/avatar\/fb1f7621d93c18e0c621f57e12768d8935a3db713fccf89e0b382b5968946f6d?s=96&d=mm&r=g","contentUrl":"https:\/\/secure.gravatar.com\/avatar\/fb1f7621d93c18e0c621f57e12768d8935a3db713fccf89e0b382b5968946f6d?s=96&d=mm&r=g","caption":"sergi"},"sameAs":["https:\/\/utpr.es\/"]}]}},"_links":{"self":[{"href":"https:\/\/utpr.es\/ca\/wp-json\/wp\/v2\/posts\/10197","targetHints":{"allow":["GET"]}}],"collection":[{"href":"https:\/\/utpr.es\/ca\/wp-json\/wp\/v2\/posts"}],"about":[{"href":"https:\/\/utpr.es\/ca\/wp-json\/wp\/v2\/types\/post"}],"author":[{"embeddable":true,"href":"https:\/\/utpr.es\/ca\/wp-json\/wp\/v2\/users\/1"}],"replies":[{"embeddable":true,"href":"https:\/\/utpr.es\/ca\/wp-json\/wp\/v2\/comments?post=10197"}],"version-history":[{"count":1,"href":"https:\/\/utpr.es\/ca\/wp-json\/wp\/v2\/posts\/10197\/revisions"}],"predecessor-version":[{"id":10199,"href":"https:\/\/utpr.es\/ca\/wp-json\/wp\/v2\/posts\/10197\/revisions\/10199"}],"wp:featuredmedia":[{"embeddable":true,"href":"https:\/\/utpr.es\/ca\/wp-json\/wp\/v2\/media\/10188"}],"wp:attachment":[{"href":"https:\/\/utpr.es\/ca\/wp-json\/wp\/v2\/media?parent=10197"}],"wp:term":[{"taxonomy":"category","embeddable":true,"href":"https:\/\/utpr.es\/ca\/wp-json\/wp\/v2\/categories?post=10197"},{"taxonomy":"post_tag","embeddable":true,"href":"https:\/\/utpr.es\/ca\/wp-json\/wp\/v2\/tags?post=10197"}],"curies":[{"name":"wp","href":"https:\/\/api.w.org\/{rel}","templated":true}]}}