{"id":10425,"date":"2025-02-13T11:16:04","date_gmt":"2025-02-13T10:16:04","guid":{"rendered":"https:\/\/utpr.es\/?p=10425"},"modified":"2025-07-17T09:18:58","modified_gmt":"2025-07-17T07:18:58","slug":"curs-de-director-dinstal%c2%b7lacions-de-radiodiagnostic-organitzat-per-utprtecnodosis-i-el-covb","status":"publish","type":"post","link":"https:\/\/utpr.es\/ca\/blog\/curs-de-director-dinstal%c2%b7lacions-de-radiodiagnostic-organitzat-per-utprtecnodosis-i-el-covb\/","title":{"rendered":"Curs de Director d&#8217;Instal\u00b7lacions de Radiodiagn\u00f2stic organitzat per UTPR\u00aeTECNODOSIS i el COVB"},"content":{"rendered":"<p>El\u00a0<strong>COVB<\/strong>\u00a0i\u00a0<strong>UTPR\u00ae\u00a0TECNODOSIS<\/strong>\u00a0organitzen un curs semipresencial per a obtenir l&#8217;acreditaci\u00f3 per a dirigir instal\u00b7lacions de radiodiagn\u00f2stic. El curs combina teoria i pr\u00e0ctica amb l&#8217;objectiu d&#8217;oferir una formaci\u00f3 completa per a dirigir aquestes instal\u00b7lacions de manera segura i eficient.<\/p>\n<p>Aquest curs \u00e9s una oportunitat \u00fanica per a adquirir les compet\u00e8ncies necess\u00e0ries en radiologia veterin\u00e0ria amb el suport de professionals reconeguts com Santi Cano i Marc\u00a0Saladrigas, experts en radiologia i protecci\u00f3 radiol\u00f2gica.<\/p>\n<p><strong><u>Continguts del curs<\/u><\/strong><br \/>\n<strong>Part te\u00f2rica:\u00a0<\/strong>inclou nou \u00e0rees d&#8217;aprenentatge, com a conceptes b\u00e0sics de radiologia, protecci\u00f3 radiol\u00f2gica, normativa i legislaci\u00f3, entre altres.<br \/>\n<strong>Part pr\u00e0ctica:<\/strong>\u00a0C\/ Casanova\u00a0157, local 2, 08036, Barcelona (Centre Veterinari del\u00a0Cl\u00ednic)<br \/>\n<strong>Examen:<\/strong>\u00a0a\u00a0les instal\u00b7lacions del Col\u00b7legi Oficial de Veterinaris de Barcelona.<\/p>\n<p><strong>Informaci\u00f3 d&#8217;inter\u00e8s<\/strong><br \/>\n<strong>Dates:\u00a0<\/strong>del 10 de mar\u00e7\u00a0al 31 de maig de 2025<br \/>\n<strong>Preu:<\/strong> a consultar<br \/>\n<strong>Modalitat:\u00a0<\/strong>semipresencial<br \/>\n<strong>Termini d&#8217;inscripci\u00f3:<\/strong>\u00a0fins al\u00a028 de febrer de 2025<br \/>\n<strong>Inscripci\u00f3:\u00a0<\/strong>places limitades\u00a0per rigor\u00f3s ordre d&#8217;inscripci\u00f3.<\/p>\n<p>Per a m\u00e9s informaci\u00f3 telefoneu al <strong>932\u00a0112 466<\/strong><\/p>\n","protected":false},"excerpt":{"rendered":"<p>El\u00a0COVB\u00a0i\u00a0UTPR\u00ae\u00a0TECNODOSIS\u00a0organitzen un curs semipresencial per a obtenir l&#8217;acreditaci\u00f3 per a dirigir instal\u00b7lacions de radiodiagn\u00f2stic. El curs combina teoria i pr\u00e0ctica amb l&#8217;objectiu d&#8217;oferir una formaci\u00f3 completa per a dirigir aquestes [&hellip;]<\/p>\n","protected":false},"author":6,"featured_media":11563,"comment_status":"closed","ping_status":"closed","sticky":false,"template":"","format":"standard","meta":{"_et_pb_use_builder":"","_et_pb_old_content":"","_et_gb_content_width":"","inline_featured_image":false,"footnotes":""},"categories":[56],"tags":[],"class_list":["post-10425","post","type-post","status-publish","format-standard","has-post-thumbnail","hentry","category-blog-ca"],"yoast_head":"<!-- This site is optimized with the Yoast SEO plugin v27.3 - https:\/\/yoast.com\/product\/yoast-seo-wordpress\/ -->\n<title>Curs de Director d&#039;Instal\u00b7lacions de Radiodiagn\u00f2stic organitzat per UTPR\u00aeTECNODOSIS i el COVB - UTPR<\/title>\n<meta name=\"robots\" content=\"index, follow, max-snippet:-1, max-image-preview:large, max-video-preview:-1\" \/>\n<link rel=\"canonical\" href=\"https:\/\/utpr.es\/ca\/blog\/curs-de-director-dinstal%c2%b7lacions-de-radiodiagnostic-organitzat-per-utprtecnodosis-i-el-covb\/\" \/>\n<meta property=\"og:locale\" content=\"ca_ES\" \/>\n<meta property=\"og:type\" content=\"article\" \/>\n<meta property=\"og:title\" content=\"Curs de Director d&#039;Instal\u00b7lacions de Radiodiagn\u00f2stic organitzat per UTPR\u00aeTECNODOSIS i el COVB - UTPR\" \/>\n<meta property=\"og:description\" content=\"El\u00a0COVB\u00a0i\u00a0UTPR\u00ae\u00a0TECNODOSIS\u00a0organitzen un curs semipresencial per a obtenir l&#8217;acreditaci\u00f3 per a dirigir instal\u00b7lacions de radiodiagn\u00f2stic. El curs combina teoria i pr\u00e0ctica amb l&#8217;objectiu d&#8217;oferir una formaci\u00f3 completa per a dirigir aquestes [&hellip;]\" \/>\n<meta property=\"og:url\" content=\"https:\/\/utpr.es\/ca\/blog\/curs-de-director-dinstal%c2%b7lacions-de-radiodiagnostic-organitzat-per-utprtecnodosis-i-el-covb\/\" \/>\n<meta property=\"og:site_name\" content=\"UTPR\" \/>\n<meta property=\"article:published_time\" content=\"2025-02-13T10:16:04+00:00\" \/>\n<meta property=\"article:modified_time\" content=\"2025-07-17T07:18:58+00:00\" \/>\n<meta property=\"og:image\" content=\"https:\/\/utpr.es\/wp-content\/uploads\/2025\/02\/Curs-Director-Rx-Veterinari.png\" \/>\n\t<meta property=\"og:image:width\" content=\"400\" \/>\n\t<meta property=\"og:image:height\" content=\"250\" \/>\n\t<meta property=\"og:image:type\" content=\"image\/png\" \/>\n<meta name=\"author\" content=\"Marta Y. de UTPR\u00ae TECNODOSIS\" \/>\n<meta name=\"twitter:card\" content=\"summary_large_image\" \/>\n<meta name=\"twitter:label1\" content=\"Escrit per\" \/>\n\t<meta name=\"twitter:data1\" content=\"Marta Y. de UTPR\u00ae TECNODOSIS\" \/>\n\t<meta name=\"twitter:label2\" content=\"Temps estimat de lectura\" \/>\n\t<meta name=\"twitter:data2\" content=\"1 minut\" \/>\n<script type=\"application\/ld+json\" class=\"yoast-schema-graph\">{\"@context\":\"https:\\\/\\\/schema.org\",\"@graph\":[{\"@type\":\"Article\",\"@id\":\"https:\\\/\\\/utpr.es\\\/ca\\\/blog\\\/curs-de-director-dinstal%c2%b7lacions-de-radiodiagnostic-organitzat-per-utprtecnodosis-i-el-covb\\\/#article\",\"isPartOf\":{\"@id\":\"https:\\\/\\\/utpr.es\\\/ca\\\/blog\\\/curs-de-director-dinstal%c2%b7lacions-de-radiodiagnostic-organitzat-per-utprtecnodosis-i-el-covb\\\/\"},\"author\":{\"name\":\"Marta Y. de UTPR\u00ae TECNODOSIS\",\"@id\":\"https:\\\/\\\/utpr.es\\\/ca\\\/#\\\/schema\\\/person\\\/9de081754a3bc733087dafb3a8d8173c\"},\"headline\":\"Curs de Director d&#8217;Instal\u00b7lacions de Radiodiagn\u00f2stic organitzat per UTPR\u00aeTECNODOSIS i el COVB\",\"datePublished\":\"2025-02-13T10:16:04+00:00\",\"dateModified\":\"2025-07-17T07:18:58+00:00\",\"mainEntityOfPage\":{\"@id\":\"https:\\\/\\\/utpr.es\\\/ca\\\/blog\\\/curs-de-director-dinstal%c2%b7lacions-de-radiodiagnostic-organitzat-per-utprtecnodosis-i-el-covb\\\/\"},\"wordCount\":193,\"image\":{\"@id\":\"https:\\\/\\\/utpr.es\\\/ca\\\/blog\\\/curs-de-director-dinstal%c2%b7lacions-de-radiodiagnostic-organitzat-per-utprtecnodosis-i-el-covb\\\/#primaryimage\"},\"thumbnailUrl\":\"https:\\\/\\\/utpr.es\\\/wp-content\\\/uploads\\\/2025\\\/02\\\/Curs-Director-Rx-Veterinari.png\",\"articleSection\":[\"Blog\"],\"inLanguage\":\"ca\"},{\"@type\":\"WebPage\",\"@id\":\"https:\\\/\\\/utpr.es\\\/ca\\\/blog\\\/curs-de-director-dinstal%c2%b7lacions-de-radiodiagnostic-organitzat-per-utprtecnodosis-i-el-covb\\\/\",\"url\":\"https:\\\/\\\/utpr.es\\\/ca\\\/blog\\\/curs-de-director-dinstal%c2%b7lacions-de-radiodiagnostic-organitzat-per-utprtecnodosis-i-el-covb\\\/\",\"name\":\"Curs de Director d'Instal\u00b7lacions de Radiodiagn\u00f2stic organitzat per UTPR\u00aeTECNODOSIS i el COVB - UTPR\",\"isPartOf\":{\"@id\":\"https:\\\/\\\/utpr.es\\\/ca\\\/#website\"},\"primaryImageOfPage\":{\"@id\":\"https:\\\/\\\/utpr.es\\\/ca\\\/blog\\\/curs-de-director-dinstal%c2%b7lacions-de-radiodiagnostic-organitzat-per-utprtecnodosis-i-el-covb\\\/#primaryimage\"},\"image\":{\"@id\":\"https:\\\/\\\/utpr.es\\\/ca\\\/blog\\\/curs-de-director-dinstal%c2%b7lacions-de-radiodiagnostic-organitzat-per-utprtecnodosis-i-el-covb\\\/#primaryimage\"},\"thumbnailUrl\":\"https:\\\/\\\/utpr.es\\\/wp-content\\\/uploads\\\/2025\\\/02\\\/Curs-Director-Rx-Veterinari.png\",\"datePublished\":\"2025-02-13T10:16:04+00:00\",\"dateModified\":\"2025-07-17T07:18:58+00:00\",\"author\":{\"@id\":\"https:\\\/\\\/utpr.es\\\/ca\\\/#\\\/schema\\\/person\\\/9de081754a3bc733087dafb3a8d8173c\"},\"breadcrumb\":{\"@id\":\"https:\\\/\\\/utpr.es\\\/ca\\\/blog\\\/curs-de-director-dinstal%c2%b7lacions-de-radiodiagnostic-organitzat-per-utprtecnodosis-i-el-covb\\\/#breadcrumb\"},\"inLanguage\":\"ca\",\"potentialAction\":[{\"@type\":\"ReadAction\",\"target\":[\"https:\\\/\\\/utpr.es\\\/ca\\\/blog\\\/curs-de-director-dinstal%c2%b7lacions-de-radiodiagnostic-organitzat-per-utprtecnodosis-i-el-covb\\\/\"]}]},{\"@type\":\"ImageObject\",\"inLanguage\":\"ca\",\"@id\":\"https:\\\/\\\/utpr.es\\\/ca\\\/blog\\\/curs-de-director-dinstal%c2%b7lacions-de-radiodiagnostic-organitzat-per-utprtecnodosis-i-el-covb\\\/#primaryimage\",\"url\":\"https:\\\/\\\/utpr.es\\\/wp-content\\\/uploads\\\/2025\\\/02\\\/Curs-Director-Rx-Veterinari.png\",\"contentUrl\":\"https:\\\/\\\/utpr.es\\\/wp-content\\\/uploads\\\/2025\\\/02\\\/Curs-Director-Rx-Veterinari.png\",\"width\":400,\"height\":250},{\"@type\":\"BreadcrumbList\",\"@id\":\"https:\\\/\\\/utpr.es\\\/ca\\\/blog\\\/curs-de-director-dinstal%c2%b7lacions-de-radiodiagnostic-organitzat-per-utprtecnodosis-i-el-covb\\\/#breadcrumb\",\"itemListElement\":[{\"@type\":\"ListItem\",\"position\":1,\"name\":\"Portada\",\"item\":\"https:\\\/\\\/utpr.es\\\/ca\\\/\"},{\"@type\":\"ListItem\",\"position\":2,\"name\":\"Curs de Director d&#8217;Instal\u00b7lacions de Radiodiagn\u00f2stic organitzat per UTPR\u00aeTECNODOSIS i el COVB\"}]},{\"@type\":\"WebSite\",\"@id\":\"https:\\\/\\\/utpr.es\\\/ca\\\/#website\",\"url\":\"https:\\\/\\\/utpr.es\\\/ca\\\/\",\"name\":\"UTPR\",\"description\":\"Unidad T&eacute;cnica de protecci&oacute;n radiol&oacute;gica\",\"potentialAction\":[{\"@type\":\"SearchAction\",\"target\":{\"@type\":\"EntryPoint\",\"urlTemplate\":\"https:\\\/\\\/utpr.es\\\/ca\\\/?s={search_term_string}\"},\"query-input\":{\"@type\":\"PropertyValueSpecification\",\"valueRequired\":true,\"valueName\":\"search_term_string\"}}],\"inLanguage\":\"ca\"},{\"@type\":\"Person\",\"@id\":\"https:\\\/\\\/utpr.es\\\/ca\\\/#\\\/schema\\\/person\\\/9de081754a3bc733087dafb3a8d8173c\",\"name\":\"Marta Y. de UTPR\u00ae TECNODOSIS\",\"image\":{\"@type\":\"ImageObject\",\"inLanguage\":\"ca\",\"@id\":\"https:\\\/\\\/secure.gravatar.com\\\/avatar\\\/9176a2370187f68fbfbb289c0d4356d075ba5e9e716d66634740319bfef41714?s=96&d=mm&r=g\",\"url\":\"https:\\\/\\\/secure.gravatar.com\\\/avatar\\\/9176a2370187f68fbfbb289c0d4356d075ba5e9e716d66634740319bfef41714?s=96&d=mm&r=g\",\"contentUrl\":\"https:\\\/\\\/secure.gravatar.com\\\/avatar\\\/9176a2370187f68fbfbb289c0d4356d075ba5e9e716d66634740319bfef41714?s=96&d=mm&r=g\",\"caption\":\"Marta Y. de UTPR\u00ae TECNODOSIS\"}}]}<\/script>\n<!-- \/ Yoast SEO plugin. -->","yoast_head_json":{"title":"Curs de Director d'Instal\u00b7lacions de Radiodiagn\u00f2stic organitzat per UTPR\u00aeTECNODOSIS i el COVB - UTPR","robots":{"index":"index","follow":"follow","max-snippet":"max-snippet:-1","max-image-preview":"max-image-preview:large","max-video-preview":"max-video-preview:-1"},"canonical":"https:\/\/utpr.es\/ca\/blog\/curs-de-director-dinstal%c2%b7lacions-de-radiodiagnostic-organitzat-per-utprtecnodosis-i-el-covb\/","og_locale":"ca_ES","og_type":"article","og_title":"Curs de Director d'Instal\u00b7lacions de Radiodiagn\u00f2stic organitzat per UTPR\u00aeTECNODOSIS i el COVB - UTPR","og_description":"El\u00a0COVB\u00a0i\u00a0UTPR\u00ae\u00a0TECNODOSIS\u00a0organitzen un curs semipresencial per a obtenir l&#8217;acreditaci\u00f3 per a dirigir instal\u00b7lacions de radiodiagn\u00f2stic. El curs combina teoria i pr\u00e0ctica amb l&#8217;objectiu d&#8217;oferir una formaci\u00f3 completa per a dirigir aquestes [&hellip;]","og_url":"https:\/\/utpr.es\/ca\/blog\/curs-de-director-dinstal%c2%b7lacions-de-radiodiagnostic-organitzat-per-utprtecnodosis-i-el-covb\/","og_site_name":"UTPR","article_published_time":"2025-02-13T10:16:04+00:00","article_modified_time":"2025-07-17T07:18:58+00:00","og_image":[{"width":400,"height":250,"url":"https:\/\/utpr.es\/wp-content\/uploads\/2025\/02\/Curs-Director-Rx-Veterinari.png","type":"image\/png"}],"author":"Marta Y. de UTPR\u00ae TECNODOSIS","twitter_card":"summary_large_image","twitter_misc":{"Escrit per":"Marta Y. de UTPR\u00ae TECNODOSIS","Temps estimat de lectura":"1 minut"},"schema":{"@context":"https:\/\/schema.org","@graph":[{"@type":"Article","@id":"https:\/\/utpr.es\/ca\/blog\/curs-de-director-dinstal%c2%b7lacions-de-radiodiagnostic-organitzat-per-utprtecnodosis-i-el-covb\/#article","isPartOf":{"@id":"https:\/\/utpr.es\/ca\/blog\/curs-de-director-dinstal%c2%b7lacions-de-radiodiagnostic-organitzat-per-utprtecnodosis-i-el-covb\/"},"author":{"name":"Marta Y. de UTPR\u00ae TECNODOSIS","@id":"https:\/\/utpr.es\/ca\/#\/schema\/person\/9de081754a3bc733087dafb3a8d8173c"},"headline":"Curs de Director d&#8217;Instal\u00b7lacions de Radiodiagn\u00f2stic organitzat per UTPR\u00aeTECNODOSIS i el COVB","datePublished":"2025-02-13T10:16:04+00:00","dateModified":"2025-07-17T07:18:58+00:00","mainEntityOfPage":{"@id":"https:\/\/utpr.es\/ca\/blog\/curs-de-director-dinstal%c2%b7lacions-de-radiodiagnostic-organitzat-per-utprtecnodosis-i-el-covb\/"},"wordCount":193,"image":{"@id":"https:\/\/utpr.es\/ca\/blog\/curs-de-director-dinstal%c2%b7lacions-de-radiodiagnostic-organitzat-per-utprtecnodosis-i-el-covb\/#primaryimage"},"thumbnailUrl":"https:\/\/utpr.es\/wp-content\/uploads\/2025\/02\/Curs-Director-Rx-Veterinari.png","articleSection":["Blog"],"inLanguage":"ca"},{"@type":"WebPage","@id":"https:\/\/utpr.es\/ca\/blog\/curs-de-director-dinstal%c2%b7lacions-de-radiodiagnostic-organitzat-per-utprtecnodosis-i-el-covb\/","url":"https:\/\/utpr.es\/ca\/blog\/curs-de-director-dinstal%c2%b7lacions-de-radiodiagnostic-organitzat-per-utprtecnodosis-i-el-covb\/","name":"Curs de Director d'Instal\u00b7lacions de Radiodiagn\u00f2stic organitzat per UTPR\u00aeTECNODOSIS i el COVB - UTPR","isPartOf":{"@id":"https:\/\/utpr.es\/ca\/#website"},"primaryImageOfPage":{"@id":"https:\/\/utpr.es\/ca\/blog\/curs-de-director-dinstal%c2%b7lacions-de-radiodiagnostic-organitzat-per-utprtecnodosis-i-el-covb\/#primaryimage"},"image":{"@id":"https:\/\/utpr.es\/ca\/blog\/curs-de-director-dinstal%c2%b7lacions-de-radiodiagnostic-organitzat-per-utprtecnodosis-i-el-covb\/#primaryimage"},"thumbnailUrl":"https:\/\/utpr.es\/wp-content\/uploads\/2025\/02\/Curs-Director-Rx-Veterinari.png","datePublished":"2025-02-13T10:16:04+00:00","dateModified":"2025-07-17T07:18:58+00:00","author":{"@id":"https:\/\/utpr.es\/ca\/#\/schema\/person\/9de081754a3bc733087dafb3a8d8173c"},"breadcrumb":{"@id":"https:\/\/utpr.es\/ca\/blog\/curs-de-director-dinstal%c2%b7lacions-de-radiodiagnostic-organitzat-per-utprtecnodosis-i-el-covb\/#breadcrumb"},"inLanguage":"ca","potentialAction":[{"@type":"ReadAction","target":["https:\/\/utpr.es\/ca\/blog\/curs-de-director-dinstal%c2%b7lacions-de-radiodiagnostic-organitzat-per-utprtecnodosis-i-el-covb\/"]}]},{"@type":"ImageObject","inLanguage":"ca","@id":"https:\/\/utpr.es\/ca\/blog\/curs-de-director-dinstal%c2%b7lacions-de-radiodiagnostic-organitzat-per-utprtecnodosis-i-el-covb\/#primaryimage","url":"https:\/\/utpr.es\/wp-content\/uploads\/2025\/02\/Curs-Director-Rx-Veterinari.png","contentUrl":"https:\/\/utpr.es\/wp-content\/uploads\/2025\/02\/Curs-Director-Rx-Veterinari.png","width":400,"height":250},{"@type":"BreadcrumbList","@id":"https:\/\/utpr.es\/ca\/blog\/curs-de-director-dinstal%c2%b7lacions-de-radiodiagnostic-organitzat-per-utprtecnodosis-i-el-covb\/#breadcrumb","itemListElement":[{"@type":"ListItem","position":1,"name":"Portada","item":"https:\/\/utpr.es\/ca\/"},{"@type":"ListItem","position":2,"name":"Curs de Director d&#8217;Instal\u00b7lacions de Radiodiagn\u00f2stic organitzat per UTPR\u00aeTECNODOSIS i el COVB"}]},{"@type":"WebSite","@id":"https:\/\/utpr.es\/ca\/#website","url":"https:\/\/utpr.es\/ca\/","name":"UTPR","description":"Unidad T&eacute;cnica de protecci&oacute;n radiol&oacute;gica","potentialAction":[{"@type":"SearchAction","target":{"@type":"EntryPoint","urlTemplate":"https:\/\/utpr.es\/ca\/?s={search_term_string}"},"query-input":{"@type":"PropertyValueSpecification","valueRequired":true,"valueName":"search_term_string"}}],"inLanguage":"ca"},{"@type":"Person","@id":"https:\/\/utpr.es\/ca\/#\/schema\/person\/9de081754a3bc733087dafb3a8d8173c","name":"Marta Y. de UTPR\u00ae TECNODOSIS","image":{"@type":"ImageObject","inLanguage":"ca","@id":"https:\/\/secure.gravatar.com\/avatar\/9176a2370187f68fbfbb289c0d4356d075ba5e9e716d66634740319bfef41714?s=96&d=mm&r=g","url":"https:\/\/secure.gravatar.com\/avatar\/9176a2370187f68fbfbb289c0d4356d075ba5e9e716d66634740319bfef41714?s=96&d=mm&r=g","contentUrl":"https:\/\/secure.gravatar.com\/avatar\/9176a2370187f68fbfbb289c0d4356d075ba5e9e716d66634740319bfef41714?s=96&d=mm&r=g","caption":"Marta Y. de UTPR\u00ae TECNODOSIS"}}]}},"_links":{"self":[{"href":"https:\/\/utpr.es\/ca\/wp-json\/wp\/v2\/posts\/10425","targetHints":{"allow":["GET"]}}],"collection":[{"href":"https:\/\/utpr.es\/ca\/wp-json\/wp\/v2\/posts"}],"about":[{"href":"https:\/\/utpr.es\/ca\/wp-json\/wp\/v2\/types\/post"}],"author":[{"embeddable":true,"href":"https:\/\/utpr.es\/ca\/wp-json\/wp\/v2\/users\/6"}],"replies":[{"embeddable":true,"href":"https:\/\/utpr.es\/ca\/wp-json\/wp\/v2\/comments?post=10425"}],"version-history":[{"count":1,"href":"https:\/\/utpr.es\/ca\/wp-json\/wp\/v2\/posts\/10425\/revisions"}],"predecessor-version":[{"id":10435,"href":"https:\/\/utpr.es\/ca\/wp-json\/wp\/v2\/posts\/10425\/revisions\/10435"}],"wp:featuredmedia":[{"embeddable":true,"href":"https:\/\/utpr.es\/ca\/wp-json\/wp\/v2\/media\/11563"}],"wp:attachment":[{"href":"https:\/\/utpr.es\/ca\/wp-json\/wp\/v2\/media?parent=10425"}],"wp:term":[{"taxonomy":"category","embeddable":true,"href":"https:\/\/utpr.es\/ca\/wp-json\/wp\/v2\/categories?post=10425"},{"taxonomy":"post_tag","embeddable":true,"href":"https:\/\/utpr.es\/ca\/wp-json\/wp\/v2\/tags?post=10425"}],"curies":[{"name":"wp","href":"https:\/\/api.w.org\/{rel}","templated":true}]}}